{"id":1740,"date":"2025-05-04T12:36:38","date_gmt":"2025-05-04T10:36:38","guid":{"rendered":"https:\/\/www.hermescse.eu\/?p=1740"},"modified":"2025-05-04T12:36:44","modified_gmt":"2025-05-04T10:36:44","slug":"ledtech-tra-inclusione-e-disuguaglianza-opportunita-globali-per-il-futuro-dellistruzione","status":"publish","type":"post","link":"https:\/\/www.hermescse.eu\/fr\/ledtech-tra-inclusione-e-disuguaglianza-opportunita-globali-per-il-futuro-dellistruzione\/","title":{"rendered":"L\u2019EdTech tra inclusione e disuguaglianza: opportunit\u00e0 globali per il futuro dell\u2019istruzione"},"content":{"rendered":"<p>In un mondo sempre pi\u00f9 digitale, la tecnologia educativa sta trasformando radicalmente il modo in cui apprendiamo e insegniamo. L&#8217;educazione tecnologica, o EdTech, offre straordinarie opportunit\u00e0 per migliorare l&#8217;accessibilit\u00e0 e la qualit\u00e0 dell&#8217;istruzione, ma il suo impatto non \u00e8 uniforme e solleva questioni fondamentali legate all&#8217;inclusione e alle disuguaglianze.<\/p>\n<p>L\u2019EdTech ha il potenziale di democratizzare l\u2019istruzione, superando barriere geografiche e temporali. Attraverso strumenti digitali e piattaforme innovative, gli studenti possono accedere a risorse educative di alta qualit\u00e0 da qualsiasi luogo, adattando il proprio ritmo di apprendimento alle esigenze personali. Tuttavia, questa rivoluzione educativa rischia di lasciare indietro le comunit\u00e0 pi\u00f9 vulnerabili. Nei paesi in via di sviluppo e nelle aree rurali, la mancanza di infrastrutture tecnologiche rappresenta ancora un ostacolo significativo.<\/p>\n<p>Nonostante l\u2019Europa abbia gi\u00e0 lanciato numerosi progetti per promuovere l\u2019inclusione digitale nell\u2019istruzione \u2013 come il programma <strong>EQui-T<\/strong>, volto allo sviluppo di risorse educative aperte e inclusive, o iniziative come <strong>Learning from the Extremes<\/strong>, che mirano a colmare il divario digitale nelle scuole rurali \u2013 permangono disparit\u00e0 rilevanti. Molti studenti nelle regioni meno sviluppate non hanno accesso a dispositivi adeguati o a connessioni internet affidabili, compromettendo la loro piena partecipazione all\u2019apprendimento online.<\/p>\n<p>Per affrontare queste problematiche, \u00e8 fondamentale che l\u2019Europa aumenti gli investimenti in progetti mirati a raggiungere chi non pu\u00f2 beneficiare delle iniziative gi\u00e0 in corso. Programmi come <strong>Digital Rural<\/strong> e <strong>ALL DIGITAL Academy<\/strong>, che lavorano per migliorare le competenze digitali e l\u2019accesso alle tecnologie nelle aree remote, dimostrano che un approccio inclusivo pu\u00f2 fare la differenza. Tuttavia, \u00e8 necessario un impegno ancora pi\u00f9 ampio e coordinato per garantire che ogni studente abbia le stesse opportunit\u00e0 educative.<\/p>\n<p>Investire nell\u2019educazione digitale non \u00e8 solo una questione di equit\u00e0 sociale, ma anche una strategia lungimirante per costruire una societ\u00e0 pi\u00f9 istruita, consapevole e resiliente. I giovani con maggiore accesso alla cultura e all\u2019istruzione saranno meglio equipaggiati per affrontare le complesse dinamiche globali del futuro, contribuendo a un mondo pi\u00f9 stabile e meno incline ai conflitti.<\/p>\n<p>L\u2019Europa ha gi\u00e0 dimostrato di essere un leader nell\u2019integrazione della tecnologia nell\u2019istruzione, ma deve fare di pi\u00f9 per garantire che nessuno venga lasciato indietro. \u00c8 tempo di considerare l\u2019inclusione digitale come una priorit\u00e0 essenziale. Solo attraverso un impegno collettivo tra governi, istituzioni educative e aziende tecnologiche potremo trasformare l\u2019educazione in uno strumento universale di progresso e coesione sociale.<\/p>","protected":false},"excerpt":{"rendered":"<p>In un mondo sempre pi\u00f9 digitale, la tecnologia educativa sta trasformando radicalmente il modo in cui apprendiamo e insegniamo. L&#8217;educazione tecnologica, o EdTech, offre straordinarie opportunit\u00e0 per migliorare l&#8217;accessibilit\u00e0 e la qualit\u00e0 dell&#8217;istruzione, ma il suo impatto non \u00e8 uniforme e solleva questioni fondamentali legate all&#8217;inclusione e alle disuguaglianze. L\u2019EdTech ha il potenziale di democratizzare&#8230;<\/p>","protected":false},"author":19,"featured_media":1741,"comment_status":"closed","ping_status":"open","sticky":false,"template":"","format":"standard","meta":{"_kad_post_transparent":"default","_kad_post_title":"default","_kad_post_layout":"default","_kad_post_sidebar_id":"","_kad_post_content_style":"default","_kad_post_vertical_padding":"default","_kad_post_feature":"","_kad_post_feature_position":"","_kad_post_header":false,"_kad_post_footer":false,"_kad_post_classname":"","footnotes":""},"categories":[31],"tags":[],"class_list":["post-1740","post","type-post","status-publish","format-standard","has-post-thumbnail","hentry","category-articoli"],"_links":{"self":[{"href":"https:\/\/www.hermescse.eu\/fr\/wp-json\/wp\/v2\/posts\/1740","targetHints":{"allow":["GET"]}}],"collection":[{"href":"https:\/\/www.hermescse.eu\/fr\/wp-json\/wp\/v2\/posts"}],"about":[{"href":"https:\/\/www.hermescse.eu\/fr\/wp-json\/wp\/v2\/types\/post"}],"author":[{"embeddable":true,"href":"https:\/\/www.hermescse.eu\/fr\/wp-json\/wp\/v2\/users\/19"}],"replies":[{"embeddable":true,"href":"https:\/\/www.hermescse.eu\/fr\/wp-json\/wp\/v2\/comments?post=1740"}],"version-history":[{"count":1,"href":"https:\/\/www.hermescse.eu\/fr\/wp-json\/wp\/v2\/posts\/1740\/revisions"}],"predecessor-version":[{"id":1742,"href":"https:\/\/www.hermescse.eu\/fr\/wp-json\/wp\/v2\/posts\/1740\/revisions\/1742"}],"wp:featuredmedia":[{"embeddable":true,"href":"https:\/\/www.hermescse.eu\/fr\/wp-json\/wp\/v2\/media\/1741"}],"wp:attachment":[{"href":"https:\/\/www.hermescse.eu\/fr\/wp-json\/wp\/v2\/media?parent=1740"}],"wp:term":[{"taxonomy":"category","embeddable":true,"href":"https:\/\/www.hermescse.eu\/fr\/wp-json\/wp\/v2\/categories?post=1740"},{"taxonomy":"post_tag","embeddable":true,"href":"https:\/\/www.hermescse.eu\/fr\/wp-json\/wp\/v2\/tags?post=1740"}],"curies":[{"name":"wp","href":"https:\/\/api.w.org\/{rel}","templated":true}]}}